{"id":16712,"date":"2023-09-22T15:00:00","date_gmt":"2023-09-22T13:00:00","guid":{"rendered":"https:\/\/www.talschule.schulnetz.hamm.de\/wordpress\/?p=16712"},"modified":"2025-09-18T18:40:35","modified_gmt":"2025-09-18T16:40:35","slug":"fest","status":"publish","type":"post","link":"https:\/\/www.talschule.schulnetz.hamm.de\/wordpress\/fest\/","title":{"rendered":"Tag der offenen T\u00fcr 2023"},"content":{"rendered":"<div class=\"wp-block-post-excerpt\"><p class=\"wp-block-post-excerpt__excerpt\">Wir m\u00f6chten Sie zu unserem Tag der offenen T\u00fcr am Freitag, den 22. September 2023 einladen! Von 9 Uhr bis 11 Uhr stehen unsere T\u00fcren f\u00fcr Sie offen und Sie k\u00f6nnen unsere Schule besichtigen und unser Team kennenlernen. Wir freuen uns auf Sie! <\/p><\/div>","protected":false},"excerpt":{"rendered":"<p>Wir m\u00f6chten Sie zu unserem Tag der offenen T\u00fcr am Freitag, den 22. September 2023 einladen! Von 9 Uhr bis 11 Uhr stehen unsere T\u00fcren f\u00fcr Sie offen und Sie k\u00f6nnen unsere Schule besichtigen und unser Team kennenlernen. Wir freuen uns auf Sie!<\/p>\n","protected":false},"author":8,"featured_media":15672,"comment_status":"closed","ping_status":"closed","sticky":false,"template":"","format":"standard","meta":{"footnotes":""},"categories":[1],"tags":[],"class_list":["post-16712","post","type-post","status-publish","format-standard","has-post-thumbnail","hentry","category-allgemein"],"_links":{"self":[{"href":"https:\/\/www.talschule.schulnetz.hamm.de\/wordpress\/wp-json\/wp\/v2\/posts\/16712","targetHints":{"allow":["GET"]}}],"collection":[{"href":"https:\/\/www.talschule.schulnetz.hamm.de\/wordpress\/wp-json\/wp\/v2\/posts"}],"about":[{"href":"https:\/\/www.talschule.schulnetz.hamm.de\/wordpress\/wp-json\/wp\/v2\/types\/post"}],"author":[{"embeddable":true,"href":"https:\/\/www.talschule.schulnetz.hamm.de\/wordpress\/wp-json\/wp\/v2\/users\/8"}],"replies":[{"embeddable":true,"href":"https:\/\/www.talschule.schulnetz.hamm.de\/wordpress\/wp-json\/wp\/v2\/comments?post=16712"}],"version-history":[{"count":4,"href":"https:\/\/www.talschule.schulnetz.hamm.de\/wordpress\/wp-json\/wp\/v2\/posts\/16712\/revisions"}],"predecessor-version":[{"id":18010,"href":"https:\/\/www.talschule.schulnetz.hamm.de\/wordpress\/wp-json\/wp\/v2\/posts\/16712\/revisions\/18010"}],"wp:featuredmedia":[{"embeddable":true,"href":"https:\/\/www.talschule.schulnetz.hamm.de\/wordpress\/wp-json\/wp\/v2\/media\/15672"}],"wp:attachment":[{"href":"https:\/\/www.talschule.schulnetz.hamm.de\/wordpress\/wp-json\/wp\/v2\/media?parent=16712"}],"wp:term":[{"taxonomy":"category","embeddable":true,"href":"https:\/\/www.talschule.schulnetz.hamm.de\/wordpress\/wp-json\/wp\/v2\/categories?post=16712"},{"taxonomy":"post_tag","embeddable":true,"href":"https:\/\/www.talschule.schulnetz.hamm.de\/wordpress\/wp-json\/wp\/v2\/tags?post=16712"}],"curies":[{"name":"wp","href":"https:\/\/api.w.org\/{rel}","templated":true}]}}