{"id":17042,"date":"2023-12-14T00:29:40","date_gmt":"2023-12-13T23:29:40","guid":{"rendered":"https:\/\/www.talschule.schulnetz.hamm.de\/wordpress\/?p=17042"},"modified":"2023-12-29T00:40:24","modified_gmt":"2023-12-28T23:40:24","slug":"elternbrief-weihnachtsferien","status":"publish","type":"post","link":"https:\/\/www.talschule.schulnetz.hamm.de\/wordpress\/elternbrief-weihnachtsferien\/","title":{"rendered":"Elternbrief Weihnachtsferien"},"content":{"rendered":"\n<p>Liebe Eltern und liebe Kinder,<br>wir m\u00f6chten uns bei Ihnen herzlich f\u00fcr Ihre Unterst\u00fctzung und die gute Zusammenarbeit im letzten Jahr bedanken. Die Ferien sollten jetzt erst einmal im Zeichen der Erholung und Entspannung stehen! Weihnachten ist eine aufregende Zeit und so w\u00fcnschen wir allen frohe, aber vielleicht auch ein wenig besinnliche Tage. Genie\u00dfen Sie die Weihnachtszeit!<\/p>\n\n\n\n<p><br>Am Mittwoch, den 20.12.2023 endet der Unterricht f\u00fcr alle Sch\u00fclerinnen und Sch\u00fcler um 11:30 Uhr. Die Betreuung in der OGS findet statt. Im neuen Jahr beginnen wir die Schulzeit am Montag, den 08.01.2024 (07:55 Uhr).<\/p>\n\n\n\n<p><br>Mit weihnachtlichen Gr\u00fc\u00dfen<br><br>M. Sander, Schulleiter<\/p>\n","protected":false},"excerpt":{"rendered":"<p>Liebe Eltern und liebe Kinder,wir m\u00f6chten uns bei Ihnen herzlich f\u00fcr Ihre Unterst\u00fctzung und die gute Zusammenarbeit im letzten Jahr bedanken. Die Ferien sollten jetzt erst einmal im Zeichen der &#8230;<\/p>\n","protected":false},"author":8,"featured_media":15232,"comment_status":"closed","ping_status":"closed","sticky":false,"template":"","format":"standard","meta":{"footnotes":""},"categories":[1],"tags":[],"class_list":["post-17042","post","type-post","status-publish","format-standard","has-post-thumbnail","hentry","category-allgemein"],"_links":{"self":[{"href":"https:\/\/www.talschule.schulnetz.hamm.de\/wordpress\/wp-json\/wp\/v2\/posts\/17042","targetHints":{"allow":["GET"]}}],"collection":[{"href":"https:\/\/www.talschule.schulnetz.hamm.de\/wordpress\/wp-json\/wp\/v2\/posts"}],"about":[{"href":"https:\/\/www.talschule.schulnetz.hamm.de\/wordpress\/wp-json\/wp\/v2\/types\/post"}],"author":[{"embeddable":true,"href":"https:\/\/www.talschule.schulnetz.hamm.de\/wordpress\/wp-json\/wp\/v2\/users\/8"}],"replies":[{"embeddable":true,"href":"https:\/\/www.talschule.schulnetz.hamm.de\/wordpress\/wp-json\/wp\/v2\/comments?post=17042"}],"version-history":[{"count":3,"href":"https:\/\/www.talschule.schulnetz.hamm.de\/wordpress\/wp-json\/wp\/v2\/posts\/17042\/revisions"}],"predecessor-version":[{"id":17047,"href":"https:\/\/www.talschule.schulnetz.hamm.de\/wordpress\/wp-json\/wp\/v2\/posts\/17042\/revisions\/17047"}],"wp:featuredmedia":[{"embeddable":true,"href":"https:\/\/www.talschule.schulnetz.hamm.de\/wordpress\/wp-json\/wp\/v2\/media\/15232"}],"wp:attachment":[{"href":"https:\/\/www.talschule.schulnetz.hamm.de\/wordpress\/wp-json\/wp\/v2\/media?parent=17042"}],"wp:term":[{"taxonomy":"category","embeddable":true,"href":"https:\/\/www.talschule.schulnetz.hamm.de\/wordpress\/wp-json\/wp\/v2\/categories?post=17042"},{"taxonomy":"post_tag","embeddable":true,"href":"https:\/\/www.talschule.schulnetz.hamm.de\/wordpress\/wp-json\/wp\/v2\/tags?post=17042"}],"curies":[{"name":"wp","href":"https:\/\/api.w.org\/{rel}","templated":true}]}}