{"id":17816,"date":"2024-08-24T10:03:02","date_gmt":"2024-08-24T08:03:02","guid":{"rendered":"https:\/\/www.talschule.schulnetz.hamm.de\/wordpress\/?p=17816"},"modified":"2024-08-24T11:12:59","modified_gmt":"2024-08-24T09:12:59","slug":"herzlich-willkommen-an-der-talschule-einschulung-2024","status":"publish","type":"post","link":"https:\/\/www.talschule.schulnetz.hamm.de\/wordpress\/herzlich-willkommen-an-der-talschule-einschulung-2024\/","title":{"rendered":"Herzlich willkommen an der Talschule &#8211; Einschulung 2024"},"content":{"rendered":"\n<p>Mit bunten Schult\u00fcten und erwartungsvollen Augen fieberten 58 neue Erstkl\u00e4sslerinnen und Erstkl\u00e4sslern ihrem gro\u00dfen Tag entgegen: F\u00fcr zwei neue Eingangsklassen stand am Donnerstag, 22. August 2024, die feierliche Einschulung an der Talschule auf dem Programm. Der Tag begann mit einem Einschulungsgottesdienst in der Kreuzkirche. Anschlie\u00dfend wurden bei sch\u00f6nstem Sonnenschein die neuen Schulkinder und ihre Familien von allen Kindern und Mitarbeiterinnen und Mitarbeitern der Talschule durch ein farbenfrohes Spalier mit Luftballons und Musik auf dem Schulhof begr\u00fc\u00dft. W\u00e4hrend der Einschulungsfeier f\u00fcr die Igelklasse 1a (Klassenlehrerin Frau K\u00f6pplin) und die Hundeklasse 1b (Klassenlehrerin Frau Franzp\u00f6tter) hie\u00df der Schulleiter Herr Sander die neuen Schulkinder und ihre Familien herzlich willkommen. Die Klassen 3a, 3b, 3c, 4a und 4b begeisterten dabei mit den Liedern \u201eAlles Neue hat nen Anfang\u201c, \u201eA, B, C, D, E, F, G\u201c und \u201eGutes Gef\u00fchl\u201c. Voller Vorfreude hatten die neuen Sch\u00fclerinnen und Sch\u00fcler dann ihre erste Unterrichtsstunde mit ihrer jeweiligen Klassenlehrerin. Die wartenden Eltern und Familien konnten sich w\u00e4hrenddessen bei Kaffee, Kuchen und belegten Br\u00f6tchen austauschen und ins Gespr\u00e4ch kommen. Nach rund 45 Minuten str\u00f6mten fr\u00f6hliche und stolze Schulkinder aus den T\u00fcren der Talschule in die Arme ihrer Eltern.<\/p>\n\n\n\n<p>Ein ganz herzliches Dankesch\u00f6n an dieser Stelle an alle Helferinnen und Helfer f\u00fcr die Organisation, das Auf- und Abbauen, die Kuchenspenden und die Bewirtung!<\/p>\n\n\n\n<p>Wir w\u00fcnschen unseren neuen Erstkl\u00e4sslerinnen und Erstkl\u00e4sslern eine tolle und spannende Grundschulzeit und freuen uns sehr darauf, sie dabei gemeinsam zu begleiten!<\/p>\n\n\n\n<p>Ganz herzlich willkommen an der Talschule!<\/p>\n\n\n\n<div class=\"wp-block-columns alignfull is-layout-flex wp-container-core-columns-is-layout-1 wp-block-columns-is-layout-flex\">\n<div class=\"wp-block-column is-layout-flow wp-block-column-is-layout-flow\">\n<figure class=\"wp-block-image size-large is-resized\"><img loading=\"lazy\" decoding=\"async\" width=\"1024\" height=\"768\" src=\"https:\/\/www.talschule.schulnetz.hamm.de\/wordpress\/wp-content\/uploads\/2024\/08\/IMG-20240823-WA0005-5-1024x768.jpg\" alt=\"\" class=\"wp-image-17832\" style=\"width:465px;height:auto\" srcset=\"https:\/\/www.talschule.schulnetz.hamm.de\/wordpress\/wp-content\/uploads\/2024\/08\/IMG-20240823-WA0005-5-1024x768.jpg 1024w, https:\/\/www.talschule.schulnetz.hamm.de\/wordpress\/wp-content\/uploads\/2024\/08\/IMG-20240823-WA0005-5-300x225.jpg 300w, https:\/\/www.talschule.schulnetz.hamm.de\/wordpress\/wp-content\/uploads\/2024\/08\/IMG-20240823-WA0005-5-768x576.jpg 768w, https:\/\/www.talschule.schulnetz.hamm.de\/wordpress\/wp-content\/uploads\/2024\/08\/IMG-20240823-WA0005-5-1536x1152.jpg 1536w, https:\/\/www.talschule.schulnetz.hamm.de\/wordpress\/wp-content\/uploads\/2024\/08\/IMG-20240823-WA0005-5.jpg 2048w\" sizes=\"auto, (max-width: 1024px) 100vw, 1024px\" \/><\/figure>\n<\/div>\n\n\n\n<div class=\"wp-block-column is-layout-flow wp-block-column-is-layout-flow\"><\/div>\n<\/div>\n","protected":false},"excerpt":{"rendered":"<p>Mit bunten Schult\u00fcten und erwartungsvollen Augen fieberten 58 neue Erstkl\u00e4sslerinnen und Erstkl\u00e4sslern ihrem gro\u00dfen Tag entgegen: F\u00fcr zwei neue Eingangsklassen stand am Donnerstag, 22. August 2024, die feierliche Einschulung an &#8230;<\/p>\n","protected":false},"author":8,"featured_media":17832,"comment_status":"closed","ping_status":"closed","sticky":false,"template":"","format":"standard","meta":{"footnotes":""},"categories":[1],"tags":[],"class_list":["post-17816","post","type-post","status-publish","format-standard","has-post-thumbnail","hentry","category-allgemein"],"_links":{"self":[{"href":"https:\/\/www.talschule.schulnetz.hamm.de\/wordpress\/wp-json\/wp\/v2\/posts\/17816","targetHints":{"allow":["GET"]}}],"collection":[{"href":"https:\/\/www.talschule.schulnetz.hamm.de\/wordpress\/wp-json\/wp\/v2\/posts"}],"about":[{"href":"https:\/\/www.talschule.schulnetz.hamm.de\/wordpress\/wp-json\/wp\/v2\/types\/post"}],"author":[{"embeddable":true,"href":"https:\/\/www.talschule.schulnetz.hamm.de\/wordpress\/wp-json\/wp\/v2\/users\/8"}],"replies":[{"embeddable":true,"href":"https:\/\/www.talschule.schulnetz.hamm.de\/wordpress\/wp-json\/wp\/v2\/comments?post=17816"}],"version-history":[{"count":11,"href":"https:\/\/www.talschule.schulnetz.hamm.de\/wordpress\/wp-json\/wp\/v2\/posts\/17816\/revisions"}],"predecessor-version":[{"id":17840,"href":"https:\/\/www.talschule.schulnetz.hamm.de\/wordpress\/wp-json\/wp\/v2\/posts\/17816\/revisions\/17840"}],"wp:featuredmedia":[{"embeddable":true,"href":"https:\/\/www.talschule.schulnetz.hamm.de\/wordpress\/wp-json\/wp\/v2\/media\/17832"}],"wp:attachment":[{"href":"https:\/\/www.talschule.schulnetz.hamm.de\/wordpress\/wp-json\/wp\/v2\/media?parent=17816"}],"wp:term":[{"taxonomy":"category","embeddable":true,"href":"https:\/\/www.talschule.schulnetz.hamm.de\/wordpress\/wp-json\/wp\/v2\/categories?post=17816"},{"taxonomy":"post_tag","embeddable":true,"href":"https:\/\/www.talschule.schulnetz.hamm.de\/wordpress\/wp-json\/wp\/v2\/tags?post=17816"}],"curies":[{"name":"wp","href":"https:\/\/api.w.org\/{rel}","templated":true}]}}