{"id":17982,"date":"2025-07-13T11:33:35","date_gmt":"2025-07-13T09:33:35","guid":{"rendered":"https:\/\/www.talschule.schulnetz.hamm.de\/wordpress\/?p=17982"},"modified":"2025-07-13T11:52:34","modified_gmt":"2025-07-13T09:52:34","slug":"eine-reise-um-die-welt-unser-schulfest-2025","status":"publish","type":"post","link":"https:\/\/www.talschule.schulnetz.hamm.de\/wordpress\/eine-reise-um-die-welt-unser-schulfest-2025\/","title":{"rendered":"&#8222;Eine Reise um die Welt&#8220;: Unser Schulfest 2025"},"content":{"rendered":"\n<p>Auf &#8222;eine Reise um die Welt&#8220; begab sich die Talschule am Freitag, den 4. Juli 2025: Bei strahlendem Sonnenschein feierten alle Kinder, Mitarbeiterinnen und Mitarbeiter sowie Eltern, Gro\u00dfeltern, Verwandte und Freunde ein fr\u00f6hliches und buntes Schulfest miteinander. Nach dem feierlichen und fahnenschwingenden Einzug der Kinder mit ihren Klassenleitungen sowie einer musikalischen Darbietung des &#8222;Talschul-Raps&#8220; in der Schulfestversion durch die Viertkl\u00e4sslerinnen und Viertkl\u00e4ssler begr\u00fc\u00dfte unser Schulleiter Herr Sander alle G\u00e4ste und er\u00f6ffnete um 14 Uhr das Schulfest.<\/p>\n\n\n\n<p>Vielfalt wurde an diesem Nachmittag ganz gro\u00df geschrieben: England, Mexiko, Frankreich, Griechenland, Italien, Polen, Spanien, Schweden, Niederlande und T\u00fcrkei &#8211; jede Klasse pr\u00e4sentierte ein anderes Land, das mit landestypischen Spielaktivit\u00e4ten an verschiedenen Stationen vertreten war, die zum Mitmachen und Ausprobieren einluden. So konnten die Kinder beispielsweise Wikingerschach spielen, beim Schubkarrenrennen gegeneinander um die Wette laufen, bei einer Partie Boule die Kugeln geschickt platzieren oder bei der Farbschleuder kreative und effektvolle Bilder entstehen lassen. Neben diesen l\u00e4nderbezogenen Aktivit\u00e4ten gab es auch viele andere Highlights wie Fu\u00dfballdart, eine XXL-Rollbahn und eine kreative Fotobox. Mit sanften Gitarrenkl\u00e4ngen wurde der Nachmittag instrumental begleitet.<\/p>\n\n\n\n<p>Auch f\u00fcr das leibliche Wohl war gesorgt: Das gro\u00dfe und k\u00f6stliche Buffet begeisterte alle G\u00e4ste mit vielf\u00e4ltigen und leckeren Gerichten aus den L\u00e4ndern, die von den Eltern zubereitet wurden. Wer bei den sommerlichen Temperaturen eine Abk\u00fchlung ben\u00f6tigte, war bei der Slush-Eis-Station genau richtig. Alle Einnahmen des Nachmittags kommen dem F\u00f6rderverein zugute.<\/p>\n\n\n\n<p>Nach drei Stunden Spiel, Spa\u00df und Leckereien endete unser Schulfest um 17 Uhr und alle waren sich schnell einig: Dieses Schulfest war ein voller Erfolg, das alle begeisterte. Es war eine tolle Gelegenheit, die Vielfalt unserer Welt zu feiern und gemeinsam mit allen einen sch\u00f6nen, fr\u00f6hlichen und abwechslungsreichen Nachmittag zu verbringen.<\/p>\n\n\n\n<p>Ein ganz gro\u00dfes Dankesch\u00f6n an alle Helferinnen und Helfer, die uns sowohl im Vorfeld bei den Vorbereitungen und der Planung als auch am Tag des Schulfests so flei\u00dfig unterst\u00fctzt haben und dieses besondere Ereignis m\u00f6glich gemacht haben!<\/p>\n\n\n\n<p><\/p>\n\n\n\n<div class=\"wp-block-columns is-layout-flex wp-container-core-columns-is-layout-1 wp-block-columns-is-layout-flex\">\n<div class=\"wp-block-column is-layout-flow wp-block-column-is-layout-flow\">\n<figure class=\"wp-block-image size-large\"><img loading=\"lazy\" decoding=\"async\" width=\"768\" height=\"1024\" src=\"https:\/\/www.talschule.schulnetz.hamm.de\/wordpress\/wp-content\/uploads\/2025\/07\/IMG-20250704-WA0010-768x1024.jpg\" alt=\"\" class=\"wp-image-17984\" srcset=\"https:\/\/www.talschule.schulnetz.hamm.de\/wordpress\/wp-content\/uploads\/2025\/07\/IMG-20250704-WA0010-768x1024.jpg 768w, https:\/\/www.talschule.schulnetz.hamm.de\/wordpress\/wp-content\/uploads\/2025\/07\/IMG-20250704-WA0010-225x300.jpg 225w, https:\/\/www.talschule.schulnetz.hamm.de\/wordpress\/wp-content\/uploads\/2025\/07\/IMG-20250704-WA0010-1152x1536.jpg 1152w, https:\/\/www.talschule.schulnetz.hamm.de\/wordpress\/wp-content\/uploads\/2025\/07\/IMG-20250704-WA0010.jpg 1536w\" sizes=\"auto, (max-width: 768px) 100vw, 768px\" \/><\/figure>\n\n\n\n<figure class=\"wp-block-image size-large\"><img loading=\"lazy\" decoding=\"async\" width=\"1024\" height=\"768\" src=\"https:\/\/www.talschule.schulnetz.hamm.de\/wordpress\/wp-content\/uploads\/2025\/07\/20250704_133134-1024x768.jpg\" alt=\"\" class=\"wp-image-17991\" srcset=\"https:\/\/www.talschule.schulnetz.hamm.de\/wordpress\/wp-content\/uploads\/2025\/07\/20250704_133134-1024x768.jpg 1024w, https:\/\/www.talschule.schulnetz.hamm.de\/wordpress\/wp-content\/uploads\/2025\/07\/20250704_133134-300x225.jpg 300w, https:\/\/www.talschule.schulnetz.hamm.de\/wordpress\/wp-content\/uploads\/2025\/07\/20250704_133134-768x576.jpg 768w, https:\/\/www.talschule.schulnetz.hamm.de\/wordpress\/wp-content\/uploads\/2025\/07\/20250704_133134-1536x1152.jpg 1536w, https:\/\/www.talschule.schulnetz.hamm.de\/wordpress\/wp-content\/uploads\/2025\/07\/20250704_133134-2048x1536.jpg 2048w\" sizes=\"auto, (max-width: 1024px) 100vw, 1024px\" \/><\/figure>\n<\/div>\n\n\n\n<div class=\"wp-block-column is-layout-flow wp-block-column-is-layout-flow\">\n<figure class=\"wp-block-image size-large\"><img loading=\"lazy\" decoding=\"async\" width=\"930\" height=\"1024\" src=\"https:\/\/www.talschule.schulnetz.hamm.de\/wordpress\/wp-content\/uploads\/2025\/07\/20250704_163856-930x1024.jpg\" alt=\"\" class=\"wp-image-17985\" srcset=\"https:\/\/www.talschule.schulnetz.hamm.de\/wordpress\/wp-content\/uploads\/2025\/07\/20250704_163856-930x1024.jpg 930w, https:\/\/www.talschule.schulnetz.hamm.de\/wordpress\/wp-content\/uploads\/2025\/07\/20250704_163856-272x300.jpg 272w, https:\/\/www.talschule.schulnetz.hamm.de\/wordpress\/wp-content\/uploads\/2025\/07\/20250704_163856-768x846.jpg 768w, https:\/\/www.talschule.schulnetz.hamm.de\/wordpress\/wp-content\/uploads\/2025\/07\/20250704_163856-1395x1536.jpg 1395w, https:\/\/www.talschule.schulnetz.hamm.de\/wordpress\/wp-content\/uploads\/2025\/07\/20250704_163856-1860x2048.jpg 1860w\" sizes=\"auto, (max-width: 930px) 100vw, 930px\" \/><\/figure>\n\n\n\n<figure class=\"wp-block-image size-large\"><img loading=\"lazy\" decoding=\"async\" width=\"768\" height=\"1024\" src=\"https:\/\/www.talschule.schulnetz.hamm.de\/wordpress\/wp-content\/uploads\/2025\/07\/20250704_144156-768x1024.jpg\" alt=\"\" class=\"wp-image-17989\" srcset=\"https:\/\/www.talschule.schulnetz.hamm.de\/wordpress\/wp-content\/uploads\/2025\/07\/20250704_144156-768x1024.jpg 768w, https:\/\/www.talschule.schulnetz.hamm.de\/wordpress\/wp-content\/uploads\/2025\/07\/20250704_144156-225x300.jpg 225w, https:\/\/www.talschule.schulnetz.hamm.de\/wordpress\/wp-content\/uploads\/2025\/07\/20250704_144156-1152x1536.jpg 1152w, https:\/\/www.talschule.schulnetz.hamm.de\/wordpress\/wp-content\/uploads\/2025\/07\/20250704_144156-1536x2048.jpg 1536w, https:\/\/www.talschule.schulnetz.hamm.de\/wordpress\/wp-content\/uploads\/2025\/07\/20250704_144156-scaled.jpg 1920w\" sizes=\"auto, (max-width: 768px) 100vw, 768px\" \/><\/figure>\n<\/div>\n\n\n\n<div class=\"wp-block-column is-layout-flow wp-block-column-is-layout-flow\">\n<figure class=\"wp-block-image size-large\"><img loading=\"lazy\" decoding=\"async\" width=\"1024\" height=\"768\" src=\"https:\/\/www.talschule.schulnetz.hamm.de\/wordpress\/wp-content\/uploads\/2025\/07\/20250704_163911-1024x768.jpg\" alt=\"\" class=\"wp-image-17987\" srcset=\"https:\/\/www.talschule.schulnetz.hamm.de\/wordpress\/wp-content\/uploads\/2025\/07\/20250704_163911-1024x768.jpg 1024w, https:\/\/www.talschule.schulnetz.hamm.de\/wordpress\/wp-content\/uploads\/2025\/07\/20250704_163911-300x225.jpg 300w, https:\/\/www.talschule.schulnetz.hamm.de\/wordpress\/wp-content\/uploads\/2025\/07\/20250704_163911-768x576.jpg 768w, https:\/\/www.talschule.schulnetz.hamm.de\/wordpress\/wp-content\/uploads\/2025\/07\/20250704_163911-1536x1152.jpg 1536w, https:\/\/www.talschule.schulnetz.hamm.de\/wordpress\/wp-content\/uploads\/2025\/07\/20250704_163911-2048x1536.jpg 2048w\" sizes=\"auto, (max-width: 1024px) 100vw, 1024px\" \/><\/figure>\n<\/div>\n<\/div>\n","protected":false},"excerpt":{"rendered":"<p>Auf &#8222;eine Reise um die Welt&#8220; begab sich die Talschule am Freitag, den 4. Juli 2025: Bei strahlendem Sonnenschein feierten alle Kinder, Mitarbeiterinnen und Mitarbeiter sowie Eltern, Gro\u00dfeltern, Verwandte und &#8230;<\/p>\n","protected":false},"author":8,"featured_media":17984,"comment_status":"closed","ping_status":"closed","sticky":false,"template":"","format":"standard","meta":{"footnotes":""},"categories":[1],"tags":[],"class_list":["post-17982","post","type-post","status-publish","format-standard","has-post-thumbnail","hentry","category-allgemein"],"_links":{"self":[{"href":"https:\/\/www.talschule.schulnetz.hamm.de\/wordpress\/wp-json\/wp\/v2\/posts\/17982","targetHints":{"allow":["GET"]}}],"collection":[{"href":"https:\/\/www.talschule.schulnetz.hamm.de\/wordpress\/wp-json\/wp\/v2\/posts"}],"about":[{"href":"https:\/\/www.talschule.schulnetz.hamm.de\/wordpress\/wp-json\/wp\/v2\/types\/post"}],"author":[{"embeddable":true,"href":"https:\/\/www.talschule.schulnetz.hamm.de\/wordpress\/wp-json\/wp\/v2\/users\/8"}],"replies":[{"embeddable":true,"href":"https:\/\/www.talschule.schulnetz.hamm.de\/wordpress\/wp-json\/wp\/v2\/comments?post=17982"}],"version-history":[{"count":3,"href":"https:\/\/www.talschule.schulnetz.hamm.de\/wordpress\/wp-json\/wp\/v2\/posts\/17982\/revisions"}],"predecessor-version":[{"id":17992,"href":"https:\/\/www.talschule.schulnetz.hamm.de\/wordpress\/wp-json\/wp\/v2\/posts\/17982\/revisions\/17992"}],"wp:featuredmedia":[{"embeddable":true,"href":"https:\/\/www.talschule.schulnetz.hamm.de\/wordpress\/wp-json\/wp\/v2\/media\/17984"}],"wp:attachment":[{"href":"https:\/\/www.talschule.schulnetz.hamm.de\/wordpress\/wp-json\/wp\/v2\/media?parent=17982"}],"wp:term":[{"taxonomy":"category","embeddable":true,"href":"https:\/\/www.talschule.schulnetz.hamm.de\/wordpress\/wp-json\/wp\/v2\/categories?post=17982"},{"taxonomy":"post_tag","embeddable":true,"href":"https:\/\/www.talschule.schulnetz.hamm.de\/wordpress\/wp-json\/wp\/v2\/tags?post=17982"}],"curies":[{"name":"wp","href":"https:\/\/api.w.org\/{rel}","templated":true}]}}