{"id":18021,"date":"2026-02-13T15:36:58","date_gmt":"2026-02-13T14:36:58","guid":{"rendered":"https:\/\/www.talschule.schulnetz.hamm.de\/wordpress\/?p=18021"},"modified":"2026-02-13T15:37:58","modified_gmt":"2026-02-13T14:37:58","slug":"karneval-2026","status":"publish","type":"post","link":"https:\/\/www.talschule.schulnetz.hamm.de\/wordpress\/karneval-2026\/","title":{"rendered":"Karneval 2026"},"content":{"rendered":"\n<p><p class=\"MsoNormal\">Was f\u00fcr ein fr\u00f6hlicher und bunter Karnevalstag an unserer Schule! Auch in diesem Jahr haben wir wieder ein tolles Karnevalsfest gefeiert \u2013 mit ganz viel Musik, Tanz, Spa\u00df und guter Laune! Gleich zu Beginn des Tages zog eine Polonaise mit allen Klassen durch das Schulgeb\u00e4ude. Dann wurde in den Klassen kr\u00e4ftig gefeiert: Neben gemeinsamen Fr\u00fchst\u00fccksaktionen und Spielen wurde viel getanzt, gelacht und S\u00fc\u00dfes genascht. Ein ganz besonderes Highlight waren die Karnevalsfeiern f\u00fcr unsere kleinen Jeckinnen und Jecken in der Turnhalle, wo erst die dritten und vierten Klassen und anschlie\u00dfend die ersten und zweiten Klassen zu einer jeweils gro\u00dfen Party mit ganz viel Musik und Tanz zusammengekommen sind. Unser Schulleiter Herr Sander hat dabei als DJ f\u00fcr ausgelassene Stimmung gesorgt. Stolz haben die Kinder auch ihre Kost\u00fcme auf dem Laufsteg pr\u00e4sentiert. Es war ein toller Tag und alle hatten ganz viel Spa\u00df &#8211;<span style=\"mso-spacerun:yes\">\u00a0 <\/span>Helau!<\/p><\/p>\n\n\n\n<p><\/p>\n\n\n\n<figure class=\"wp-block-image size-large\"><img loading=\"lazy\" decoding=\"async\" width=\"1024\" height=\"768\" src=\"https:\/\/www.talschule.schulnetz.hamm.de\/wordpress\/wp-content\/uploads\/2026\/02\/20260212_141303-1-1024x768.jpg\" alt=\"\" class=\"wp-image-18025\" srcset=\"https:\/\/www.talschule.schulnetz.hamm.de\/wordpress\/wp-content\/uploads\/2026\/02\/20260212_141303-1-1024x768.jpg 1024w, https:\/\/www.talschule.schulnetz.hamm.de\/wordpress\/wp-content\/uploads\/2026\/02\/20260212_141303-1-300x225.jpg 300w, https:\/\/www.talschule.schulnetz.hamm.de\/wordpress\/wp-content\/uploads\/2026\/02\/20260212_141303-1-768x576.jpg 768w, https:\/\/www.talschule.schulnetz.hamm.de\/wordpress\/wp-content\/uploads\/2026\/02\/20260212_141303-1-1536x1152.jpg 1536w, https:\/\/www.talschule.schulnetz.hamm.de\/wordpress\/wp-content\/uploads\/2026\/02\/20260212_141303-1-2048x1536.jpg 2048w\" sizes=\"auto, (max-width: 1024px) 100vw, 1024px\" \/><\/figure>\n\n\n\n<figure class=\"wp-block-image size-large\"><img loading=\"lazy\" decoding=\"async\" width=\"1024\" height=\"515\" src=\"https:\/\/www.talschule.schulnetz.hamm.de\/wordpress\/wp-content\/uploads\/2026\/02\/IMG-20260213-WA0012-1-1024x515.jpg\" alt=\"\" class=\"wp-image-18026\" srcset=\"https:\/\/www.talschule.schulnetz.hamm.de\/wordpress\/wp-content\/uploads\/2026\/02\/IMG-20260213-WA0012-1-1024x515.jpg 1024w, https:\/\/www.talschule.schulnetz.hamm.de\/wordpress\/wp-content\/uploads\/2026\/02\/IMG-20260213-WA0012-1-300x150.jpg 300w, https:\/\/www.talschule.schulnetz.hamm.de\/wordpress\/wp-content\/uploads\/2026\/02\/IMG-20260213-WA0012-1-768x386.jpg 768w, https:\/\/www.talschule.schulnetz.hamm.de\/wordpress\/wp-content\/uploads\/2026\/02\/IMG-20260213-WA0012-1-1536x772.jpg 1536w, https:\/\/www.talschule.schulnetz.hamm.de\/wordpress\/wp-content\/uploads\/2026\/02\/IMG-20260213-WA0012-1.jpg 1600w\" sizes=\"auto, (max-width: 1024px) 100vw, 1024px\" \/><\/figure>\n","protected":false},"excerpt":{"rendered":"<p>Was f\u00fcr ein fr\u00f6hlicher und bunter Karnevalstag an unserer Schule! Auch in diesem Jahr haben wir wieder ein tolles Karnevalsfest gefeiert \u2013 mit ganz viel Musik, Tanz, Spa\u00df und guter &#8230;<\/p>\n","protected":false},"author":8,"featured_media":18022,"comment_status":"closed","ping_status":"closed","sticky":false,"template":"","format":"standard","meta":{"footnotes":""},"categories":[1],"tags":[],"class_list":["post-18021","post","type-post","status-publish","format-standard","has-post-thumbnail","hentry","category-allgemein"],"_links":{"self":[{"href":"https:\/\/www.talschule.schulnetz.hamm.de\/wordpress\/wp-json\/wp\/v2\/posts\/18021","targetHints":{"allow":["GET"]}}],"collection":[{"href":"https:\/\/www.talschule.schulnetz.hamm.de\/wordpress\/wp-json\/wp\/v2\/posts"}],"about":[{"href":"https:\/\/www.talschule.schulnetz.hamm.de\/wordpress\/wp-json\/wp\/v2\/types\/post"}],"author":[{"embeddable":true,"href":"https:\/\/www.talschule.schulnetz.hamm.de\/wordpress\/wp-json\/wp\/v2\/users\/8"}],"replies":[{"embeddable":true,"href":"https:\/\/www.talschule.schulnetz.hamm.de\/wordpress\/wp-json\/wp\/v2\/comments?post=18021"}],"version-history":[{"count":2,"href":"https:\/\/www.talschule.schulnetz.hamm.de\/wordpress\/wp-json\/wp\/v2\/posts\/18021\/revisions"}],"predecessor-version":[{"id":18029,"href":"https:\/\/www.talschule.schulnetz.hamm.de\/wordpress\/wp-json\/wp\/v2\/posts\/18021\/revisions\/18029"}],"wp:featuredmedia":[{"embeddable":true,"href":"https:\/\/www.talschule.schulnetz.hamm.de\/wordpress\/wp-json\/wp\/v2\/media\/18022"}],"wp:attachment":[{"href":"https:\/\/www.talschule.schulnetz.hamm.de\/wordpress\/wp-json\/wp\/v2\/media?parent=18021"}],"wp:term":[{"taxonomy":"category","embeddable":true,"href":"https:\/\/www.talschule.schulnetz.hamm.de\/wordpress\/wp-json\/wp\/v2\/categories?post=18021"},{"taxonomy":"post_tag","embeddable":true,"href":"https:\/\/www.talschule.schulnetz.hamm.de\/wordpress\/wp-json\/wp\/v2\/tags?post=18021"}],"curies":[{"name":"wp","href":"https:\/\/api.w.org\/{rel}","templated":true}]}}